{"id":2232,"date":"2025-01-01T15:24:25","date_gmt":"2025-01-01T14:24:25","guid":{"rendered":"https:\/\/lesnyskrzat.info\/?p=2232"},"modified":"2025-01-01T15:25:18","modified_gmt":"2025-01-01T14:25:18","slug":"menu-styczen-2025","status":"publish","type":"post","link":"https:\/\/lesnyskrzat.info\/?p=2232","title":{"rendered":"Menu stycze\u0144 2025"},"content":{"rendered":"\n<p><strong>MENU 07-10\/01\/2025<\/strong><\/p>\n\n\n\n<figure class=\"wp-block-table\"><table class=\"has-fixed-layout\"><tbody><tr><td><br><\/td><td><strong>poniedzia\u0142ek<\/strong><\/td><td><strong>wtorek<\/strong><\/td><td><strong>\u015b<\/strong><strong>roda<\/strong><\/td><td><strong>czwartek<\/strong><\/td><td><strong>pi\u0105tek<\/strong><\/td><\/tr><tr><td><br><strong>ZUPA<\/strong><\/td><td><br><\/td><td>Zupa krupniczek z kasz\u0105 jaglan\u0105<\/td><td>Krem z pomidor\u00f3w z groszkiem<\/td><td>Zupa jarzynowa z ziemniakami<\/td><td>Zupa ros\u00f3\u0142 z makaronem domowym z lubczykiem<\/td><\/tr><tr><td><strong>II DANIE<\/strong><\/td><td><br><\/td><td><strong>ZIELONE POLE<\/strong><br>Makaron penne w sosie bolognesse z indyka i pomidorami posypane serem \u017c\u00f3\u0142tym<\/td><td><strong>LE\u015aNY PUCH<\/strong><br><br><br>Kluseczki leniwe z bia\u0142ym serem z musem jogurtowym<\/td><td><strong>P\u0141YWAJ\u0104C PIGI<\/strong><br>Strogonoff w sosie warzywnym Kopytka Sur\u00f3wka z buraczk\u00f3w<\/td><td><strong>PRZYSMAK RYBAKA<\/strong><br>Kotlecik z dorsza Ziemniaki z koprem Kapusta kiszona z jab\u0142kiem<\/td><\/tr><tr><td><strong>ALERGENY<\/strong><\/td><td><br><\/td><td>1, 3, 7, 9<\/td><td>1, 3, 7, 9<\/td><td>7, 9<\/td><td>1, 3,4, 9<\/td><\/tr><\/tbody><\/table><\/figure>\n\n\n\n<p><strong>MENU 13-17\/01\/2025<\/strong><\/p>\n\n\n\n<figure class=\"wp-block-table\"><table class=\"has-fixed-layout\"><tbody><tr><td><br><\/td><td><strong>poniedzia\u0142ek<\/strong><\/td><td><strong>wtorek<\/strong><\/td><td><strong>\u015a<\/strong><strong>roda<\/strong><\/td><td><strong>czwartek<\/strong><\/td><td><strong>pi\u0105tek<\/strong><\/td><\/tr><tr><td><br><strong>ZUPA<\/strong><\/td><td>Zupa pomidorowa z makaronem<\/td><td>Zupa zacierkowa z warzywami<\/td><td>Zupa krem marchwiowy grzanki<\/td><td>Zupa z fasolki szparagowej z ziemniakami<\/td><td>Zupa ros\u00f3\u0142 z makaronem domowym<\/td><\/tr><tr><td><strong>II DANIE<\/strong><\/td><td><strong>WARZYWNY KOCIO\u0141EK<\/strong><br>Curry z kurczakiem z kolendr\u0105 w mleczku kokosowym z warzywami Ry\u017c d\u0142ugo-ziarnisty<\/td><td><strong>MI\u015a KOALA<\/strong><br>Stripsy z indyka w p\u0142atkach kukurydzianych Ziemniaki z koprem Coles\u0142aw<\/td><td><strong>SEROWE<\/strong> <strong>PODUSZKOWCE<\/strong><br>Pierogi z serem z jogurtem naturalnym<br><\/td><td><strong>KULE W K\u0104PIELI<\/strong><br>Pulpety w sosie pomidorowym Kasza j\u0119czmienna Marchewka z jab\u0142kiem<\/td><td><strong>ALE RYBKA<\/strong><br>Paluszki z mintaja z pieca Ziemniaki z koprem Warzywa z pary<br><\/td><\/tr><tr><td><strong>ALERGENY<\/strong><\/td><td>1, 3, 7,9<\/td><td>1, 3,7, 9<\/td><td>1, 3,7, 9<\/td><td>1, 3,7, 9<\/td><td>1, 3,4, 7, 9<\/td><\/tr><\/tbody><\/table><\/figure>\n\n\n\n<p><strong>MENU 20-24\/01\/2025<\/strong><\/p>\n\n\n\n<figure class=\"wp-block-table\"><table class=\"has-fixed-layout\"><tbody><tr><td>4<\/td><td><strong>poniedzia\u0142ek<\/strong><\/td><td><strong>wtorek<\/strong><\/td><td><strong>\u015b<\/strong><strong>roda<\/strong><\/td><td><strong>czwartek<\/strong><\/td><td><strong>pi\u0105tek<\/strong><\/td><\/tr><tr><td><br><strong>ZUPA<\/strong><\/td><td>Zupa pomidorowa z ry\u017cem<\/td><td>Zupa zacierkowa z warzywami<\/td><td>Zupa krem z bia\u0142ych warzyw z pestkami dyni<\/td><td>Zupa fasolowa z ziemniakami<\/td><td>Zupa ros\u00f3\u0142 z makaronem<\/td><\/tr><tr><td><strong>II DANIE<\/strong><\/td><td><strong>MI\u0118SNY K\u0104SEK<\/strong><br>Kartacze z mi\u0119sem Sur\u00f3wka z og\u00f3rka<br><\/td><td><strong>PIECZONE KURCZE<\/strong><br>Udziki z kurczaka pieczone Ziemniaki Buraczki na ciep\u0142o<\/td><td><strong>MAKARONOWE CO NIECO<\/strong><br>Makaron z serem i polew\u0105 owocowo -jogurtow\u0105<\/td><td><strong>P\u0141YWAJ\u0104C PIGI<\/strong><br>Leczo mi\u0119sno &#8211; warzywne (mix papryk, cukinia, cebula, pomidory ) Kluska \u015bl\u0105ska<br><\/td><td><strong>PIEROGOWY<\/strong> <strong>PRZYSMAK<\/strong><br>Piero\u017cki Ukrai\u0144skie Sur\u00f3wka z kapusty peki\u0144skiej<br><\/td><\/tr><tr><td><strong>ALERGENY<\/strong><\/td><td>1, 7, 9<\/td><td>1, 3, 9<\/td><td>1, 3, 7, 9<\/td><td>1, 3, 7, 9<\/td><td>1, 3, 7, 9<\/td><\/tr><\/tbody><\/table><\/figure>\n\n\n\n<p><strong>MENU 27-31\/01\/2025<\/strong><\/p>\n\n\n\n<figure class=\"wp-block-table\"><table class=\"has-fixed-layout\"><tbody><tr><td>3<\/td><td><strong>poniedzia\u0142ek<\/strong><\/td><td><strong>wtorek<\/strong><\/td><td><strong>\u015a<\/strong><strong>roda<\/strong><\/td><td><strong>Czwartek<\/strong><\/td><td><strong>pi\u0105tek<\/strong><\/td><\/tr><tr><td><br><strong>ZUPA<\/strong><\/td><td>Zupa krupnik z warzywami<\/td><td>Zupa kalafiorowa z ziemniakami<\/td><td>Zupa krem z soczewicy z pestkami s\u0142onecznika<\/td><td>Zupa og\u00f3rkowa z ziemniakami<\/td><td>Zupa ros\u00f3\u0142 z makaronem domowym<\/td><\/tr><tr><td><strong>II DANIE<\/strong><\/td><td><strong>W\u0141OSKI PRZYSMAK<\/strong><br>Sos neapolita\u0144ski z indykiem i warzywami z makaronem spaghetti Posypany serem \u017c\u00f3\u0142tym<\/td><td><strong>MI\u015a USZATEK<\/strong><br>Kotlecik po\u017carski Ziemniaki z koprem Groszek z marchewk\u0105<\/td><td><strong>S\u0141ODKIE KOPERTY<\/strong><br><br>Nale\u015bniki z bia\u0142ym serem z musem jogurtowym<br><\/td><td><strong>P\u0141YWAJ\u0104C PIGI<\/strong><br>Sztuka mi\u0119sna w sosie w\u0142asnym Kasza gryczana Coles\u0142aw<\/td><td><strong>RYBKA W MUNDURKU<\/strong><br>Kotlecik z dorsza z pieca Ziemniaki z koprem Kapusta kiszona z jab\u0142kiem<\/td><\/tr><tr><td><strong>ALERGENY<\/strong><\/td><td>1, 3, 7,9<\/td><td>1, 3, 7,9,11<\/td><td>1, 3, 7, 9<\/td><td>1, 3, 7, 9<\/td><td>1, 3, 4, 9<\/td><\/tr><\/tbody><\/table><\/figure>\n","protected":false},"excerpt":{"rendered":"<p>MENU 07-10\/01\/2025 poniedzia\u0142ek wtorek \u015broda czwartek pi\u0105tek ZUPA Zupa krupniczek z kasz\u0105 jaglan\u0105 Krem z pomidor\u00f3w z groszkiem Zupa jarzynowa z ziemniakami Zupa ros\u00f3\u0142 z makaronem domowym z lubczykiem II DANIE ZIELONE POLEMakaron penne w sosie bolognesse z indyka i pomidorami posypane serem \u017c\u00f3\u0142tym LE\u015aNY PUCH Kluseczki leniwe z bia\u0142ym serem z musem jogurtowym P\u0141YWAJ\u0104C<\/p>\n<div class=\"klb-readmore\"><a href=\"https:\/\/lesnyskrzat.info\/?p=2232\" class=\"btn btn-primary\">READ MORE<\/a><\/div>\n","protected":false},"author":2,"featured_media":0,"comment_status":"closed","ping_status":"open","sticky":false,"template":"","format":"standard","meta":{"_editorskit_title_hidden":false,"_editorskit_reading_time":1,"kt_blocks_editor_width":""},"categories":[17],"tags":[],"_links":{"self":[{"href":"https:\/\/lesnyskrzat.info\/index.php?rest_route=\/wp\/v2\/posts\/2232"}],"collection":[{"href":"https:\/\/lesnyskrzat.info\/index.php?rest_route=\/wp\/v2\/posts"}],"about":[{"href":"https:\/\/lesnyskrzat.info\/index.php?rest_route=\/wp\/v2\/types\/post"}],"author":[{"embeddable":true,"href":"https:\/\/lesnyskrzat.info\/index.php?rest_route=\/wp\/v2\/users\/2"}],"replies":[{"embeddable":true,"href":"https:\/\/lesnyskrzat.info\/index.php?rest_route=%2Fwp%2Fv2%2Fcomments&post=2232"}],"version-history":[{"count":1,"href":"https:\/\/lesnyskrzat.info\/index.php?rest_route=\/wp\/v2\/posts\/2232\/revisions"}],"predecessor-version":[{"id":2233,"href":"https:\/\/lesnyskrzat.info\/index.php?rest_route=\/wp\/v2\/posts\/2232\/revisions\/2233"}],"wp:attachment":[{"href":"https:\/\/lesnyskrzat.info\/index.php?rest_route=%2Fwp%2Fv2%2Fmedia&parent=2232"}],"wp:term":[{"taxonomy":"category","embeddable":true,"href":"https:\/\/lesnyskrzat.info\/index.php?rest_route=%2Fwp%2Fv2%2Fcategories&post=2232"},{"taxonomy":"post_tag","embeddable":true,"href":"https:\/\/lesnyskrzat.info\/index.php?rest_route=%2Fwp%2Fv2%2Ftags&post=2232"}],"curies":[{"name":"wp","href":"https:\/\/api.w.org\/{rel}","templated":true}]}}